{"id":1006,"date":"2023-04-10T09:18:01","date_gmt":"2023-04-10T12:18:01","guid":{"rendered":"https:\/\/stg-blogs.gazetaesportiva.com\/danielcarreirafilho\/?p=1006"},"modified":"2023-04-10T09:18:01","modified_gmt":"2023-04-10T12:18:01","slug":"a-escola-deve-propor-muito-mais-do-que-esporte","status":"publish","type":"post","link":"https:\/\/stg-blogs.gazetaesportiva.com\/danielcarreirafilho\/a-escola-deve-propor-muito-mais-do-que-esporte\/","title":{"rendered":"A escola deve propor muito mais do que esporte"},"content":{"rendered":"<p>O senso comum tem atribu\u00eddo a responsabilidade pela constru\u00e7\u00e3o dos esportistas \u00e0 escola por longos anos, qui\u00e7\u00e1 s\u00e9culos. Em dire\u00e7\u00e3o distinta, o c\u00e9lebre parecer de Rui Barbosa, em que propugnava pelo desenvolvimento de atividades corporais na escola como mecanismo de fixa\u00e7\u00e3o dessas pr\u00e1ticas ap\u00f3s o final do processo formativo, incluindo o ensino superior.<\/p>\n<p>Hoje, ao acessar o documento oficial do Minist\u00e9rio do Esporte observamos que, infelizmente, a maior parte da popula\u00e7\u00e3o brasileira ainda se encontra no n\u00edvel de sedentarismo.<\/p>\n<p>As quest\u00f5es de envolvimento com as pr\u00e1ticas do esporte tamb\u00e9m n\u00e3o alcan\u00e7am o m\u00ednimo desej\u00e1vel.<\/p>\n<p>Qual a fun\u00e7\u00e3o da escola nesta quest\u00e3o, o sedentarismo? Continuar oferendo o esporte com o modelo institucionalizado? Oferecer apenas as quatro op\u00e7\u00f5es excludentes?<\/p>\n<p>&nbsp;<\/p>\n","protected":false},"excerpt":{"rendered":"<p>O senso comum tem atribu\u00eddo a responsabilidade pela constru\u00e7\u00e3o dos esportistas \u00e0 escola por longos anos, qui\u00e7\u00e1 s\u00e9culos. Em dire\u00e7\u00e3o distinta, o c\u00e9lebre parecer de <a class=\"read-more\" href=\"https:\/\/stg-blogs.gazetaesportiva.com\/danielcarreirafilho\/a-escola-deve-propor-muito-mais-do-que-esporte\/\">leia mais<\/a><\/p>\n","protected":false},"author":60,"featured_media":0,"comment_status":"open","ping_status":"open","sticky":false,"template":"","format":"standard","meta":{"_jetpack_memberships_contains_paid_content":false,"footnotes":""},"categories":[1],"tags":[],"class_list":["post-1006","post","type-post","status-publish","format-standard","hentry","category-sem-categoria"],"jetpack_featured_media_url":"","jetpack_sharing_enabled":true,"_links":{"self":[{"href":"https:\/\/stg-blogs.gazetaesportiva.com\/danielcarreirafilho\/wp-json\/wp\/v2\/posts\/1006","targetHints":{"allow":["GET"]}}],"collection":[{"href":"https:\/\/stg-blogs.gazetaesportiva.com\/danielcarreirafilho\/wp-json\/wp\/v2\/posts"}],"about":[{"href":"https:\/\/stg-blogs.gazetaesportiva.com\/danielcarreirafilho\/wp-json\/wp\/v2\/types\/post"}],"author":[{"embeddable":true,"href":"https:\/\/stg-blogs.gazetaesportiva.com\/danielcarreirafilho\/wp-json\/wp\/v2\/users\/60"}],"replies":[{"embeddable":true,"href":"https:\/\/stg-blogs.gazetaesportiva.com\/danielcarreirafilho\/wp-json\/wp\/v2\/comments?post=1006"}],"version-history":[{"count":0,"href":"https:\/\/stg-blogs.gazetaesportiva.com\/danielcarreirafilho\/wp-json\/wp\/v2\/posts\/1006\/revisions"}],"wp:attachment":[{"href":"https:\/\/stg-blogs.gazetaesportiva.com\/danielcarreirafilho\/wp-json\/wp\/v2\/media?parent=1006"}],"wp:term":[{"taxonomy":"category","embeddable":true,"href":"https:\/\/stg-blogs.gazetaesportiva.com\/danielcarreirafilho\/wp-json\/wp\/v2\/categories?post=1006"},{"taxonomy":"post_tag","embeddable":true,"href":"https:\/\/stg-blogs.gazetaesportiva.com\/danielcarreirafilho\/wp-json\/wp\/v2\/tags?post=1006"}],"curies":[{"name":"wp","href":"https:\/\/api.w.org\/{rel}","templated":true}]}}